{"id":2411,"date":"2024-06-14T12:37:25","date_gmt":"2024-06-14T10:37:25","guid":{"rendered":"https:\/\/mangegenealogie.com\/?p=2411"},"modified":"2025-01-09T09:07:56","modified_gmt":"2025-01-09T08:07:56","slug":"parcours-de-la-grande-guerre-hippolyte-monin","status":"publish","type":"post","link":"https:\/\/mangegenealogie.com\/?p=2411","title":{"rendered":"Parcours de la Grande Guerre\u00a0: Hippolyte Monin"},"content":{"rendered":"<p>Hippolyte Monin na\u00eet le 31 octobre 1882 \u00e0 La B\u00e2tie-Divisin (Is\u00e8re)<a href=\"#_edn1\" name=\"_ednref1\">[1]<\/a>, fils unique du mariage contract\u00e9 entre Marie Thoniel et autre Hippolyte Monin, cultivateurs et tisserands. La famille\u00a0figure dans les recensements de population de la commune.<\/p>\n<p>1896<a href=\"#_edn2\" name=\"_ednref2\"><u>[2]<\/u><\/a><br \/>\n&#8211; Hippolyte Monin, 49 ans, cultivateur, chef de m\u00e9nage,<br \/>\n&#8211; Marie Thoniel, 48 ans, tisseuse, sa femme,<br \/>\n&#8211; Hippolyte Monin, 13 ans, sans profession, leur fils.<\/p>\n<p>1901<a href=\"#_edn3\" name=\"_ednref3\"><u>[3]<\/u><\/a><br \/>\n&#8211; Hippolyte Monin, 54 ans, patron cultivateur, chef de m\u00e9nage,<br \/>\n&#8211; Marie Thoniel, 53 ans, sans profession, sa femme,<br \/>\n&#8211; Hippolyte Monin, 18 ans, cultivateur, leur fils.<\/p>\n<p>Le 26 mai 1914 \u00e0 La B\u00e2tie-Divisin<a href=\"#_edn4\" name=\"_ednref4\">[4]<\/a>, il \u00e9pouse Valentine Polaud. Le couple n\u2019eut pas d\u2019enfant.<\/p>\n<p style=\"text-align: center;\"><img decoding=\"async\" loading=\"lazy\" class=\" wp-image-2412 aligncenter\" src=\"http:\/\/mangegenealogie.com\/wp-content\/uploads\/2024\/06\/moninhippolyte001.jpg\" alt=\"\" width=\"636\" height=\"271\" srcset=\"https:\/\/mangegenealogie.com\/wp-content\/uploads\/2024\/06\/moninhippolyte001.jpg 864w, https:\/\/mangegenealogie.com\/wp-content\/uploads\/2024\/06\/moninhippolyte001-300x128.jpg 300w, https:\/\/mangegenealogie.com\/wp-content\/uploads\/2024\/06\/moninhippolyte001-768x327.jpg 768w, https:\/\/mangegenealogie.com\/wp-content\/uploads\/2024\/06\/moninhippolyte001-416x177.jpg 416w\" sizes=\"(max-width: 636px) 100vw, 636px\" \/><em>Extrait de la fiche matricule d&#8217;Hippolyte Monin (classe 1902, matricule 1333)<br \/>\nArchives d\u00e9partementales de l&#8217;Is\u00e8re \u2013 Registres matricules militaires (bureau de Bourgoin)<\/em><\/p>\n<p><strong>Recrutement militaire<\/strong><\/p>\n<p>Hippolyte a vingt ans en 1902. Il porte le num\u00e9ro 57 sur la liste de recrutement de cette classe, pour le canton de Saint-Geoire-en-Valdaine<a href=\"#_edn5\" name=\"_ednref5\">[5]<\/a>. La d\u00e9cision du conseil de r\u00e9vision est de l\u2019ajourner pour faiblesse du c\u0153ur. Il re\u00e7oit le num\u00e9ro de matricule 1333 au bureau de recrutement de Bourgoin, dont d\u00e9pendait le canton de Saint-Geoire-en-Valdaine. La fiche matricule nous donne sa description physique : 1 m\u00e8tre 65, cheveux et sourcils ch\u00e2tain fonc\u00e9, yeux ch\u00e2tain, front couvert, nez grand, bouche moyenne, menton rond, visage ovale<a href=\"#_edn6\" name=\"_ednref6\">[6]<\/a>. Il sait lire, \u00e9crire et signer<a href=\"#_edn7\" name=\"_ednref7\">[7]<\/a>. Sa fiche nous confirme qu\u2019il fut ajourn\u00e9 en 1903, puis \u00e0 nouveau en 1904. Il sera finalement class\u00e9 aux services auxiliaires pour\u00a0faiblesse\u00a0en 1905<a href=\"#_edn8\" name=\"_ednref8\">[8]<\/a>.<\/p>\n<p><strong>La mobilisation g\u00e9n\u00e9rale de 1914<\/strong><\/p>\n<p>Hippolyte Monin fut examin\u00e9 par la commission sp\u00e9ciale de r\u00e9forme de Bourgoin le 29 octobre 1914, pr\u00e9sid\u00e9e par monsieur d&#8217;Aubigny, g\u00e9n\u00e9ral commandant les 2<sup>e<\/sup> et 5<sup>e<\/sup> subdivisions de r\u00e9gion<a href=\"#_edn9\" name=\"_ednref9\">[9]<\/a>. Les m\u00e9decins Poutet et Andrand le d\u00e9clar\u00e8rent apte au service arm\u00e9, malgr\u00e9 son classement ant\u00e9rieur aux services auxiliaires. Il est alors affect\u00e9 au 22<sup>e<\/sup> r\u00e9giment d\u2019infanterie de Bourgoin et arrive au corps le 9 novembre suivant.\u00a0 Le 23 f\u00e9vrier 1915, il sera finalement affect\u00e9 au 12<sup>e<\/sup> bataillon de chasseurs alpins avec le matricule 04718 au r\u00e9pertoire de ce corps<a href=\"#_edn10\" name=\"_ednref10\">[10]<\/a>.<\/p>\n<p style=\"text-align: center;\"><em><img decoding=\"async\" loading=\"lazy\" class=\"wp-image-2419 aligncenter\" src=\"http:\/\/mangegenealogie.com\/wp-content\/uploads\/2024\/06\/Agence_Rol_btv1b69086027_1.jpeg\" alt=\"\" width=\"602\" height=\"351\" srcset=\"https:\/\/mangegenealogie.com\/wp-content\/uploads\/2024\/06\/Agence_Rol_btv1b69086027_1.jpeg 1371w, https:\/\/mangegenealogie.com\/wp-content\/uploads\/2024\/06\/Agence_Rol_btv1b69086027_1-300x175.jpeg 300w, https:\/\/mangegenealogie.com\/wp-content\/uploads\/2024\/06\/Agence_Rol_btv1b69086027_1-1024x598.jpeg 1024w, https:\/\/mangegenealogie.com\/wp-content\/uploads\/2024\/06\/Agence_Rol_btv1b69086027_1-768x448.jpeg 768w, https:\/\/mangegenealogie.com\/wp-content\/uploads\/2024\/06\/Agence_Rol_btv1b69086027_1-416x243.jpeg 416w\" sizes=\"(max-width: 602px) 100vw, 602px\" \/>Tranch\u00e9e boulevers\u00e9e de l&#8217;Hartmannswillerkopf, 1915<br \/>\nBiblioth\u00e8que nationale de France \u2013 Photographies de presse de l&#8217;agence Rol<\/em><\/p>\n<p><strong>Op\u00e9rations de l\u2019hiver 1915<\/strong><\/p>\n<p>D\u00e9but d\u00e9cembre, la plus grande partie du 12<sup>e<\/sup> bataillon reste stationn\u00e9e pendant quelques jours dans le secteur de La T\u00eate-des-Faux (Haut-Rhin)<a href=\"#_edn11\" name=\"_ednref11\">[11]<\/a>\u00a0: \u00ab\u00a0la pluie a cess\u00e9 depuis quelques jours, le ciel est d\u2019un bleu intense, la neige brille au soleil sur ces hauts sommets des Vosges d\u2019Alsace. Nous occupons le point culminant des lignes. [&#8230;] la neige couvre les vallons, de grands espaces nous s\u00e9parent de nos voisins, les r\u00e9seaux de fils de fer disparaissent totalement sous trois pieds de neige.\u00a0\u00bb Le 15 d\u00e9cembre, les compagnies partent pour le camp d\u2019Haeslen et restent stationn\u00e9es dans ces baraques jusqu\u2019au 21 d\u00e9cembre. Au matin du 21 d\u00e9cembre, le bataillon enti\u00e8rement r\u00e9uni part pour Cornimont (Vosges)<a href=\"#_edn12\" name=\"_ednref12\">[12]<\/a> : \u00ab il y arrive \u00e0 midi et s\u2019installe au cantonnement. Il est en r\u00e9serve g\u00e9n\u00e9rale d\u2019arm\u00e9e. Officiers, grad\u00e9s et chasseurs, heureux de ce repos un peu inattendu, se distraient. Les uns d\u00e9valent en ski les pentes favorables qui dominent Cornimont de toutes parts de leurs pentes douces, les autres se chauffent pr\u00e8s des po\u00eales de fa\u00efence qu\u2019ils n\u2019ont pas vus depuis plus de deux mois \u00bb.<\/p>\n<p>Puis le bataillon se dirige le 23 d\u00e9cembre vers les camps situ\u00e9s sur les pentes de l\u2019Hartmannswillerkopf, un sommet qui surplombe la plaine d\u2019Alsace : \u00ab la neige fond et la pluie tombe, fine et serr\u00e9e ; la boue monte jusqu\u2019aux chevilles \u00bb. Une attaque est fix\u00e9e au 28 d\u00e9cembre, afin de renforcer par la gauche des troupes qui ont pris derni\u00e8rement la position allemande dite du rocher de l\u2019Hirtstein. Le commandant Ardisson d\u00e9cide que les trois premi\u00e8res compagnies attaqueront : vers 15 heures elles partent \u00e0 l\u2019assaut, sous le feu des mitrailleuses ennemies. La 3<sup>e<\/sup> compagnie souffre de nombreuses pertes lors de sa premi\u00e8re vague d\u2019attaque<a href=\"#_edn13\" name=\"_ednref13\">[13]<\/a>. En moins d\u2019une heure, les soldats atteignent le point nomm\u00e9 Rehfelsen, une ligne plus avanc\u00e9e que l\u2019objectif fix\u00e9 initialement. La progression r\u00e9alis\u00e9e est de plus d\u2019un kilom\u00e8tre et 300 allemands sont fait prisonniers. C\u2019est lors de cette journ\u00e9e qu\u2019Hippolyte Monin, inclus dans cette 3<sup>e<\/sup> compagnie, fut bless\u00e9 et \u00e9vacu\u00e9 vers l\u2019ambulance 3\/58 de Moosch<a href=\"#_edn14\" name=\"_ednref14\">[14]<\/a>.<\/p>\n<p style=\"text-align: center;\"><em><img decoding=\"async\" loading=\"lazy\" class=\" wp-image-2434 aligncenter\" src=\"http:\/\/mangegenealogie.com\/wp-content\/uploads\/2024\/06\/moninhippolyte003-scaled.jpg\" alt=\"\" width=\"642\" height=\"315\" srcset=\"https:\/\/mangegenealogie.com\/wp-content\/uploads\/2024\/06\/moninhippolyte003-scaled.jpg 2560w, https:\/\/mangegenealogie.com\/wp-content\/uploads\/2024\/06\/moninhippolyte003-300x147.jpg 300w, https:\/\/mangegenealogie.com\/wp-content\/uploads\/2024\/06\/moninhippolyte003-1024x503.jpg 1024w, https:\/\/mangegenealogie.com\/wp-content\/uploads\/2024\/06\/moninhippolyte003-768x377.jpg 768w, https:\/\/mangegenealogie.com\/wp-content\/uploads\/2024\/06\/moninhippolyte003-1536x755.jpg 1536w, https:\/\/mangegenealogie.com\/wp-content\/uploads\/2024\/06\/moninhippolyte003-2048x1007.jpg 2048w, https:\/\/mangegenealogie.com\/wp-content\/uploads\/2024\/06\/moninhippolyte003-416x204.jpg 416w\" sizes=\"(max-width: 642px) 100vw, 642px\" \/>Carnet des entr\u00e9es et sorties de l&#8217;ambulance 3\/58<\/em><br \/>\n<em>Service des archives m\u00e9dicales hospitali\u00e8res des arm\u00e9es (SAMHA)\u00a0&#8211; Fonds 1914-1918<\/em><\/p>\n<p><strong>Compl\u00e9ments des archives m\u00e9dicales<\/strong><\/p>\n<p>Hippolyte Monin figure sur deux documents conserv\u00e9s par le Service des archives m\u00e9dicales hospitali\u00e8res des arm\u00e9es (SAMHA). Ces archives nous \u00e9clairent sur les blessures qu\u2019il re\u00e7ut sur les pentes de l\u2019Hartmannswillerkopf.<\/p>\n<p>Carnet m\u00e9dical (24 d\u00e9cembre 1915 &#8211; 2 janvier 1916)<a href=\"#_edn15\" name=\"_ednref15\">[15]<\/a><br \/>\nMod\u00e8le n\u00b05 (n\u00b0267 de la nomenclature sp\u00e9ciale) &#8211; Ambulance 10875 n\u00b017 &#8211; 66<sup>e<\/sup> division. Hippolyte Monin, soldat de 2<sup>e<\/sup> classe au 12<sup>e<\/sup> bataillon de chasseurs \u00e0 pied, 3<sup>e<\/sup> compagnie, classe 1902 de Bourgoin, matricule 1333\u00a0: plaie p\u00e9n\u00e9trante thorax et hypocondre par \u00e9clat d\u2019obus. Date de d\u00e9part du corps\u00a0: 29 d\u00e9c. 1915.<\/p>\n<p>Carnet des entr\u00e9es et sorties de l&#8217;ambulance 3\/58<a href=\"#_edn16\" name=\"_ednref16\">[16]<\/a><br \/>\nMod\u00e8le n\u00b029\u00a0(n\u00b0272 de la nomenclature sp\u00e9ciale) &#8211; 66<sup>e<\/sup> division &#8211; Ambulance 3\/58 &#8211; Num\u00e9ro d\u2019ordre au carnet de passage des entr\u00e9es : 7120. Hippolyte Monin, n\u00e9 le 31 oct. 1882 \u00e0 La B\u00e2tie-Divisin, soldat de 2<sup>e<\/sup> classe au 12<sup>e<\/sup> bataillon de chasseurs \u00e0 pied, 3<sup>e<\/sup> compagnie\u00a0: plaie p\u00e9n\u00e9trante du thorax et hypocondre droit par obus. Entr\u00e9 le 29 d\u00e9cembre 1915 et sorti le 30 d\u00e9cembre 1915.<\/p>\n<p style=\"text-align: center;\"><img decoding=\"async\" loading=\"lazy\" class=\" wp-image-2415 aligncenter\" src=\"http:\/\/mangegenealogie.com\/wp-content\/uploads\/2024\/06\/moninhippolyte002.jpg\" alt=\"\" width=\"589\" height=\"308\" srcset=\"https:\/\/mangegenealogie.com\/wp-content\/uploads\/2024\/06\/moninhippolyte002.jpg 560w, https:\/\/mangegenealogie.com\/wp-content\/uploads\/2024\/06\/moninhippolyte002-300x157.jpg 300w, https:\/\/mangegenealogie.com\/wp-content\/uploads\/2024\/06\/moninhippolyte002-416x218.jpg 416w\" sizes=\"(max-width: 589px) 100vw, 589px\" \/><em>Extrait de la fiche matricule d&#8217;Hippolyte Monin (classe 1902, matricule 1333)<br \/>\nArchives d\u00e9partementales de l&#8217;Is\u00e8re \u2013 Registres matricules militaires (bureau de Bourgoin)<\/em><\/p>\n<p><strong>Fin de vie<\/strong><\/p>\n<p>Hippolyte Monin fut \u00e9vacu\u00e9 le lendemain de sa blessure mais ne s\u00e9journa que deux jours \u00e0 l\u2019ambulance 3\/58. En effet, sa fiche matricule nous indique qu\u2019Hippolyte est d\u00e9c\u00e9d\u00e9 \u00e0 l\u2019h\u00f4pital de Moosch le 30 d\u00e9cembre 1915<a href=\"#_edn17\" name=\"_ednref17\">[17]<\/a>. La base de donn\u00e9es des Morts pour la France<a href=\"#_edn18\" name=\"_ednref18\">[18]<\/a> confirme qu\u2019il est d\u00e9c\u00e9d\u00e9 des suites de blessure de guerre le 30 d\u00e9cembre 1915, \u00e0 l\u2019ambulance 3\/58 de Moosch.<\/p>\n<p>Hippolyte fut cit\u00e9 \u00e0 l\u2019ordre n\u00b094 de son bataillon le 12 f\u00e9vrier 1916<a href=\"#_edn19\" name=\"_ednref19\">[19]<\/a> : \u00ab Le capitaine Lafouillade, commandant le 12<sup>e<\/sup> bataillon de chasseurs, cite \u00e0 l\u2019ordre du bataillon [\u2026] Monin Hippolyte, 2<sup>e<\/sup> classe, 3<sup>e<\/sup> compagnie, matricule 04363 [\u2026] chasseurs braves et courageux. Belle conduite au feu. Ont \u00e9t\u00e9 bless\u00e9s. Clefcy, le 12 f\u00e9vrier 1916 \u00bb. Cette citation lui vaut l\u2019attribution de la Croix de Guerre 1914-1918, avec \u00e9toile de bronze.<\/p>\n<p>Son acte de d\u00e9c\u00e8s fut transcrit \u00e0 La B\u00e2tie-Divisin le 25 avril 1916<a href=\"#_edn20\" name=\"_ednref20\">[20]<\/a>, avec la mention \u00ab\u00a0Mort pour la France\u00a0\u00bb. Il figure encore dans la liste des personnes ayant re\u00e7u la M\u00e9daille Militaire \u00e0 titre posthume, conf\u00e9r\u00e9e par d\u00e9cret du Pr\u00e9sident de la R\u00e9publique en date du 10 juin 1920<a href=\"#_edn21\" name=\"_ednref21\">[21]<\/a> : \u00ab Le Pr\u00e9sident de la R\u00e9publique d\u00e9cr\u00e8te la M\u00e9daille Militaire \u00e0 titre posthume Monin Hippolyte, chasseur, 12<sup>e<\/sup> bataillon de chasseurs alpins, matricule 04718\u00a0: chasseur brave et courageux. Belle conduite au feu. A \u00e9t\u00e9 bless\u00e9. Mort des suites de ses blessures, le 30 d\u00e9cembre 1915. A \u00e9t\u00e9 cit\u00e9. Paris, le 10 juin 1920\u00a0\u00bb.<\/p>\n<p><em>Sources :<br \/>\n<\/em><em><a href=\"#_ednref1\" name=\"_edn1\">[1]<\/a> Archives d\u00e9partementales de l&#8217;Is\u00e8re (ADI) &#8211; \u00c9tat civil de La B\u00e2tie-Divisin\u00a0\/ 1882 acte 23. La B\u00e2tie-Divisin fait partie depuis 2016 de la commune nouvelle des Abrets-en-Dauphin\u00e9.<br \/>\n<\/em><em><a href=\"#_ednref2\" name=\"_edn2\">[2]<\/a> ADI &#8211; Recensements de population de La B\u00e2tie-Divisin\u00a0\/ 1896 folio 35.<br \/>\n<a href=\"#_ednref3\" name=\"_edn3\">[3]<\/a> ADI &#8211; Recensements de population de La B\u00e2tie-Divisin\u00a0\/ 1901 folio 33.<\/em><br \/>\n<em><a href=\"#_ednref4\" name=\"_edn4\">[4]<\/a> Archives communales de La B\u00e2tie-Divisin &#8211; \u00c9tat civil \/ 1914 acte 3. Un contrat de mariage fut r\u00e9dig\u00e9 par Me Joseph Moutin, notaire \u00e0 Montferrat (Is\u00e8re) en date du 14 mai pr\u00e9c\u00e9dent.<\/em><br \/>\n<em><a href=\"#_ednref5\" name=\"_edn5\">[5]<\/a> ADI &#8211; Recrutement militaire\u00a0: listes cantonales par arrondissement \/ 2 R 479\u00a0(classe 1902), canton de Saint-Geoire-en-Valdaine, num\u00e9ro 57.<\/em><br \/>\n<em><a href=\"#_ednref6\" name=\"_edn6\">[6]<\/a> ADI &#8211; Registres matricules militaires (bureau de Bourgoin)\u00a0\/ 1 R 1375 (classe 1902) matricule 1333.<\/em><br \/>\n<em><a href=\"#_ednref7\" name=\"_edn7\">[7]<\/a> Ce qui correspond au niveau d\u2019instruction \u00ab\u00a03\u00a0\u00bb sur la fiche matricule.<\/em><br \/>\n<em><a href=\"#_ednref8\" name=\"_edn8\">[8]<\/a> ADI &#8211; Registres matricules militaires (bureau de Bourgoin)\u00a0\/ 1 R 1375 (classe 1902) matricule 1333.<\/em><br \/>\n<em><a href=\"#_ednref9\" name=\"_edn9\">[9]<\/a> ADI &#8211; Recrutement militaire\u00a0: commission sp\u00e9ciale de r\u00e9forme de Bourgoin \/ 3 R 2\/131 folio 23.<\/em><br \/>\n<em><a href=\"#_ednref10\" name=\"_edn10\">[10]<\/a> Ce num\u00e9ro de matricule \u00e9tait attribu\u00e9 \u00e0 un soldat lorsqu\u2019il int\u00e9grait une unit\u00e9. Il diff\u00e8re ainsi du num\u00e9ro de matricule attribu\u00e9 lors du recrutement.<\/em><br \/>\n<em><a href=\"#_ednref11\" name=\"_edn11\">[11]<\/a> Historique r\u00e9sum\u00e9 du 12e bataillon de chasseurs alpins, Paris, H. Charles-Lavauzelle, 1920-1922 [Gallica, <a href=\"https:\/\/gallica.bnf.fr\/ark:\/12148\/bpt6k6441975d\" target=\"_blank\" rel=\"noopener\">https:\/\/gallica.bnf.fr\/ark:\/12148\/bpt6k6441975d<\/a>].<\/em><br \/>\n<em><a href=\"#_ednref12\" name=\"_edn12\">[12]<\/a> Historique r\u00e9sum\u00e9 du 12e bataillon de chasseurs alpins, Paris, H. Charles-Lavauzelle, 1920-1922 [Gallica, <a href=\"https:\/\/gallica.bnf.fr\/ark:\/12148\/bpt6k6441975d\" target=\"_blank\" rel=\"noopener\">https:\/\/gallica.bnf.fr\/ark:\/12148\/bpt6k6441975d<\/a>].<\/em><br \/>\n<em><a href=\"#_ednref13\" name=\"_edn13\">[13]<\/a> Historique r\u00e9sum\u00e9 du 12e bataillon de chasseurs alpins, Paris, H. Charles-Lavauzelle, 1920-1922 [Gallica, <a href=\"https:\/\/gallica.bnf.fr\/ark:\/12148\/bpt6k6441975d\" target=\"_blank\" rel=\"noopener\">https:\/\/gallica.bnf.fr\/ark:\/12148\/bpt6k6441975d<\/a>].<\/em><br \/>\n<em><a href=\"#_ednref14\" name=\"_edn14\">[14]<\/a> Ambulance 3\/58\u00a0pour 3<sup>e<\/sup> ambulance de la 58<sup>e<\/sup> division. L\u2019ambulance 3\/58 est alors affect\u00e9e \u00e0 la 66<sup>e<\/sup> division\u00a0: durant le conflit, de nombreuses ambulances furent reli\u00e9es \u00e0 une autre division que celle d\u2019origine.<a href=\"#_ednref15\" name=\"_edn15\">[15]<\/a> Service des archives m\u00e9dicales hospitali\u00e8res des arm\u00e9es (SAMHA)\u00a0&#8211; Fonds 1914-1918.<br \/>\n<a href=\"#_ednref16\" name=\"_edn16\">[16]<\/a> Service des archives m\u00e9dicales hospitali\u00e8res des arm\u00e9es (SAMHA)\u00a0&#8211; Fonds 1914-1918.<\/em><br \/>\n<em><a href=\"#_ednref17\" name=\"_edn17\">[17]<\/a> ADI &#8211; Registres matricules militaires (bureau de Bourgoin)\u00a0\/ 1 R 1375 (classe 1902) matricule 1333.<\/em><br \/>\n<em><a href=\"#_ednref18\" name=\"_edn18\">[18]<\/a> Base de donn\u00e9es des Morts pour la France [M\u00e9moire des hommes, <a href=\"https:\/\/www.memoiredeshommes.sga.defense.gouv.fr\/fr\/ark:\/40699\/m005239f835970e1\" target=\"_blank\" rel=\"noopener\">https:\/\/www.memoiredeshommes.sga.defense.gouv.fr\/fr\/ark:\/40699\/m005239f835970e1<\/a>].<\/em><br \/>\n<em><a href=\"#_ednref19\" name=\"_edn19\">[19]<\/a> Service historique de la D\u00e9fense (SHD) &#8211; Centre des archives du personnel militaire (CAPM).<\/em><br \/>\n<em><a href=\"#_ednref20\" name=\"_edn20\">[20]<\/a> Base de donn\u00e9es des Morts pour la France [M\u00e9moire des hommes, <a href=\"https:\/\/www.memoiredeshommes.sga.defense.gouv.fr\/fr\/ark:\/40699\/m005239f835970e1\" target=\"_blank\" rel=\"noopener\">https:\/\/www.memoiredeshommes.sga.defense.gouv.fr\/fr\/ark:\/40699\/m005239f835970e1<\/a>].<\/em><br \/>\n<em><a href=\"#_ednref21\" name=\"_edn21\">[21]<\/a> Journal officiel de la R\u00e9publique fran\u00e7aise (3 novembre 1920, page 17251) [Gallica, <a href=\"https:\/\/gallica.bnf.fr\/ark:\/12148\/bpt6k63878373\" target=\"_blank\" rel=\"noopener\">https:\/\/gallica.bnf.fr\/ark:\/12148\/bpt6k63878373<\/a>]<\/em><\/p>\n","protected":false},"excerpt":{"rendered":"<p>Les documents d&#8217;archives permettent de d\u00e9tailler le parcours d&#8217;Hippolyte Monin durant la Premi\u00e8re Guerre mondiale.<\/p>\n","protected":false},"author":1,"featured_media":2421,"comment_status":"open","ping_status":"closed","sticky":false,"template":"","format":"standard","meta":{"disable_featured_image":true,"advanced_seo_description":"","jetpack_seo_html_title":"","jetpack_seo_noindex":false,"footnotes":""},"categories":[106],"tags":[],"jetpack_sharing_enabled":true,"jetpack_featured_media_url":"https:\/\/mangegenealogie.com\/wp-content\/uploads\/2024\/06\/Agence_Rol_btv1b69086027.jpg","_links":{"self":[{"href":"https:\/\/mangegenealogie.com\/index.php?rest_route=\/wp\/v2\/posts\/2411"}],"collection":[{"href":"https:\/\/mangegenealogie.com\/index.php?rest_route=\/wp\/v2\/posts"}],"about":[{"href":"https:\/\/mangegenealogie.com\/index.php?rest_route=\/wp\/v2\/types\/post"}],"author":[{"embeddable":true,"href":"https:\/\/mangegenealogie.com\/index.php?rest_route=\/wp\/v2\/users\/1"}],"replies":[{"embeddable":true,"href":"https:\/\/mangegenealogie.com\/index.php?rest_route=%2Fwp%2Fv2%2Fcomments&post=2411"}],"version-history":[{"count":13,"href":"https:\/\/mangegenealogie.com\/index.php?rest_route=\/wp\/v2\/posts\/2411\/revisions"}],"predecessor-version":[{"id":2442,"href":"https:\/\/mangegenealogie.com\/index.php?rest_route=\/wp\/v2\/posts\/2411\/revisions\/2442"}],"wp:featuredmedia":[{"embeddable":true,"href":"https:\/\/mangegenealogie.com\/index.php?rest_route=\/wp\/v2\/media\/2421"}],"wp:attachment":[{"href":"https:\/\/mangegenealogie.com\/index.php?rest_route=%2Fwp%2Fv2%2Fmedia&parent=2411"}],"wp:term":[{"taxonomy":"category","embeddable":true,"href":"https:\/\/mangegenealogie.com\/index.php?rest_route=%2Fwp%2Fv2%2Fcategories&post=2411"},{"taxonomy":"post_tag","embeddable":true,"href":"https:\/\/mangegenealogie.com\/index.php?rest_route=%2Fwp%2Fv2%2Ftags&post=2411"}],"curies":[{"name":"wp","href":"https:\/\/api.w.org\/{rel}","templated":true}]}}